{"id":31,"date":"2021-11-18T19:51:34","date_gmt":"2021-11-18T19:51:34","guid":{"rendered":"http:\/\/promociondeeventos.sld.cu\/socuenfciego2021\/?p=31"},"modified":"2021-12-01T02:40:48","modified_gmt":"2021-12-01T02:40:48","slug":"ejemplo-socuenf-ciego-2021","status":"publish","type":"post","link":"https:\/\/promociondeeventos.sld.cu\/socuenfciego2021\/2021\/11\/18\/ejemplo-socuenf-ciego-2021\/","title":{"rendered":"El desempe\u00f1o profesional pedag\u00f3gico del tutor de enfermer\u00eda  en la atenci\u00f3n primaria de salud"},"content":{"rendered":"<blockquote>\n<p style=\"text-align: justify;\"><strong>Fundamento<\/strong>: los residentes de enfermer\u00eda intensiva y emergencia deben mostrar competencias en la ejecuci\u00f3n de manera \u00f3ptima de las maniobras de reanimaci\u00f3n cardiopulmonar y cerebral.<\/p>\n<p style=\"text-align: justify;\"><strong>Objetivos: <\/strong>determinar la percepci\u00f3n de los residentes de la especialidad de enfermer\u00eda intensiva y emergencia sobre el uso de las tecnolog\u00edas de la informaci\u00f3n y las comunicaciones en la ense\u00f1anza de la reanimaci\u00f3n cardiopulmonar y cerebral.<\/p>\n<div>Texto completo: <a title=\"El desempe\u00f1o profesional pedag\u00f3gico del tutor de enfermer\u00eda en la atenci\u00f3n primaria de salud\" href=\"http:\/\/promociondeeventos.sld.cu\/socuenfciego2021\/files\/2021\/11\/EL-DESEMPE\u00d1O-PROFESIONAL-PEDAG\u00d3GICO-DEL-TUTOR-DE-ENFERMER\u00cdA.pdf\" target=\"_blank\">EL DESEMPE\u00d1O PROFESIONAL PEDAG\u00d3GICO DEL TUTOR DE ENFERMER\u00cdA<\/a><\/div>\n<\/blockquote>\n","protected":false},"excerpt":{"rendered":"<p>Fundamento: los residentes de enfermer\u00eda intensiva y emergencia deben mostrar competencias en la ejecuci\u00f3n de manera \u00f3ptima de las maniobras de reanimaci\u00f3n cardiopulmonar y cerebral. Objetivos: determinar la percepci\u00f3n de los residentes de la especialidad de enfermer\u00eda intensiva y emergencia sobre el uso de las tecnolog\u00edas de la informaci\u00f3n y las comunicaciones en la ense\u00f1anza [&hellip;]<\/p>\n","protected":false},"author":3262,"featured_media":0,"comment_status":"open","ping_status":"closed","sticky":false,"template":"","format":"standard","meta":[],"categories":[639],"tags":[644],"_links":{"self":[{"href":"https:\/\/promociondeeventos.sld.cu\/socuenfciego2021\/wp-json\/wp\/v2\/posts\/31"}],"collection":[{"href":"https:\/\/promociondeeventos.sld.cu\/socuenfciego2021\/wp-json\/wp\/v2\/posts"}],"about":[{"href":"https:\/\/promociondeeventos.sld.cu\/socuenfciego2021\/wp-json\/wp\/v2\/types\/post"}],"author":[{"embeddable":true,"href":"https:\/\/promociondeeventos.sld.cu\/socuenfciego2021\/wp-json\/wp\/v2\/users\/3262"}],"replies":[{"embeddable":true,"href":"https:\/\/promociondeeventos.sld.cu\/socuenfciego2021\/wp-json\/wp\/v2\/comments?post=31"}],"version-history":[{"count":9,"href":"https:\/\/promociondeeventos.sld.cu\/socuenfciego2021\/wp-json\/wp\/v2\/posts\/31\/revisions"}],"predecessor-version":[{"id":196,"href":"https:\/\/promociondeeventos.sld.cu\/socuenfciego2021\/wp-json\/wp\/v2\/posts\/31\/revisions\/196"}],"wp:attachment":[{"href":"https:\/\/promociondeeventos.sld.cu\/socuenfciego2021\/wp-json\/wp\/v2\/media?parent=31"}],"wp:term":[{"taxonomy":"category","embeddable":true,"href":"https:\/\/promociondeeventos.sld.cu\/socuenfciego2021\/wp-json\/wp\/v2\/categories?post=31"},{"taxonomy":"post_tag","embeddable":true,"href":"https:\/\/promociondeeventos.sld.cu\/socuenfciego2021\/wp-json\/wp\/v2\/tags?post=31"}],"curies":[{"name":"wp","href":"https:\/\/api.w.org\/{rel}","templated":true}]}}