{"id":195,"date":"2023-03-14T21:21:57","date_gmt":"2023-03-14T21:21:57","guid":{"rendered":"https:\/\/promociondeeventos.sld.cu\/jornadaseccionesenfermeriasocuenfciego2023\/?p=195"},"modified":"2023-03-15T23:10:34","modified_gmt":"2023-03-15T23:10:34","slug":"factores-de-riesgo-de-pacientes-hipertensos-de-cmf-18-ano-2020-2022","status":"publish","type":"post","link":"https:\/\/promociondeeventos.sld.cu\/jornadaseccionesenfermeriasocuenfciego2023\/2023\/03\/14\/factores-de-riesgo-de-pacientes-hipertensos-de-cmf-18-ano-2020-2022\/","title":{"rendered":"Factores de riesgo de pacientes hipertensos de CMF 18, a\u00f1o 2020-2022"},"content":{"rendered":"<p style=\"text-align: justify;\"><strong><em>Resumen: <\/em><\/strong>Se realiz\u00f3 un estudio descriptivo de corte transversal de\u00a0 los pacientes hipertensos dispensarizados en el consultorio18 de la\u00a0 ciudad\u00a0 Pesquera .\u00a0 Policl\u00ednico Universitario Docente No 3 de Manzanillo . El Universo a estudiar lo constituyeron los 327 pacientes dispensarizados del Consultorio que se encuentran en los grados l, II y III de la clasificaci\u00f3n actual. La muestra fue de 200 pacientes que se obtuvo\u00a0 por el m\u00e9todo simple aleatorio, de los pacientes\u00a0 que\u00a0 manten\u00edan su tratamiento,\u00a0 como instrumento aplicamos una encuesta tipo entrevista estructurada y se realiz\u00f3 por el investigador a todos los pacientes seleccionados\u00a0 en el domicilio con un tiempo de 20 minutos como promedio. Los resultados fueron expresados en porcientos y recogidos en cuadros estad\u00edsticos, consider\u00e1ndose los aspectos \u00e9ticos, lleg\u00e1ndose a la conclusi\u00f3n de la poblaci\u00f3n hipertensa estudiada, el sexo que predomin\u00f3 y el grupo de edades en a\u00f1os. El tipo de hipertensi\u00f3n m\u00e1s frecuente en su grado, la aceptaci\u00f3n del tratamiento tanto farmacol\u00f3gico como no farmacol\u00f3gico y grupos farmacol\u00f3gicos m\u00e1s utilizados, as\u00ed como los factores de riesgos. El objetivo de este estudio fue caracterizar los factores de riesgos que nos permitiera la elaboraci\u00f3n de un programa educativo para modificar estos riesgos.<\/p>\n<p style=\"text-align: justify;\">Palabras Clave : Hipertensi\u00f3n arterial, factor de riesgo, programa educativo<\/p>\n<p><a href=\"http:\/\/promociondeeventos.sld.cu\/jornadaseccionesenfermeriasocuenfciego2023\/files\/2023\/03\/Factores-de-riesgo-de-pacientes-hipertensos-de-CMF-18-ano-2020-2022.docx\">Factores de riesgo de pacientes hipertensos de CMF 18, a\u00f1o 2020-2022<\/a><\/p>\n","protected":false},"excerpt":{"rendered":"<p>Resumen: Se realiz\u00f3 un estudio descriptivo de corte transversal de\u00a0 los pacientes hipertensos dispensarizados en el consultorio18 de la\u00a0 ciudad\u00a0 Pesquera .\u00a0 Policl\u00ednico Universitario Docente No 3 de Manzanillo . El Universo a estudiar lo constituyeron los 327 pacientes dispensarizados del Consultorio que se encuentran en los grados l, II y III de la clasificaci\u00f3n [&hellip;]<\/p>\n","protected":false},"author":3262,"featured_media":0,"comment_status":"open","ping_status":"closed","sticky":false,"template":"","format":"standard","meta":[],"categories":[11],"tags":[],"_links":{"self":[{"href":"https:\/\/promociondeeventos.sld.cu\/jornadaseccionesenfermeriasocuenfciego2023\/wp-json\/wp\/v2\/posts\/195"}],"collection":[{"href":"https:\/\/promociondeeventos.sld.cu\/jornadaseccionesenfermeriasocuenfciego2023\/wp-json\/wp\/v2\/posts"}],"about":[{"href":"https:\/\/promociondeeventos.sld.cu\/jornadaseccionesenfermeriasocuenfciego2023\/wp-json\/wp\/v2\/types\/post"}],"author":[{"embeddable":true,"href":"https:\/\/promociondeeventos.sld.cu\/jornadaseccionesenfermeriasocuenfciego2023\/wp-json\/wp\/v2\/users\/3262"}],"replies":[{"embeddable":true,"href":"https:\/\/promociondeeventos.sld.cu\/jornadaseccionesenfermeriasocuenfciego2023\/wp-json\/wp\/v2\/comments?post=195"}],"version-history":[{"count":2,"href":"https:\/\/promociondeeventos.sld.cu\/jornadaseccionesenfermeriasocuenfciego2023\/wp-json\/wp\/v2\/posts\/195\/revisions"}],"predecessor-version":[{"id":337,"href":"https:\/\/promociondeeventos.sld.cu\/jornadaseccionesenfermeriasocuenfciego2023\/wp-json\/wp\/v2\/posts\/195\/revisions\/337"}],"wp:attachment":[{"href":"https:\/\/promociondeeventos.sld.cu\/jornadaseccionesenfermeriasocuenfciego2023\/wp-json\/wp\/v2\/media?parent=195"}],"wp:term":[{"taxonomy":"category","embeddable":true,"href":"https:\/\/promociondeeventos.sld.cu\/jornadaseccionesenfermeriasocuenfciego2023\/wp-json\/wp\/v2\/categories?post=195"},{"taxonomy":"post_tag","embeddable":true,"href":"https:\/\/promociondeeventos.sld.cu\/jornadaseccionesenfermeriasocuenfciego2023\/wp-json\/wp\/v2\/tags?post=195"}],"curies":[{"name":"wp","href":"https:\/\/api.w.org\/{rel}","templated":true}]}}