{"id":179,"date":"2023-03-14T21:09:08","date_gmt":"2023-03-14T21:09:08","guid":{"rendered":"https:\/\/promociondeeventos.sld.cu\/jornadaseccionesenfermeriasocuenfciego2023\/?p=179"},"modified":"2023-03-15T16:28:04","modified_gmt":"2023-03-15T16:28:04","slug":"historia-de-dorothea-orem-y-sus-aportes-a-las-teorias-de-la-enfermeria","status":"publish","type":"post","link":"https:\/\/promociondeeventos.sld.cu\/jornadaseccionesenfermeriasocuenfciego2023\/2023\/03\/14\/historia-de-dorothea-orem-y-sus-aportes-a-las-teorias-de-la-enfermeria\/","title":{"rendered":"Historia de Dorothea Orem y sus aportes a las teor\u00edas de la enfermer\u00eda"},"content":{"rendered":"<p><strong>RESUMEN<\/strong><\/p>\n<p style=\"text-align: justify;\"><strong>Introducci\u00f3n.<\/strong> Dorothea Elizabeth Orem naci\u00f3 y se crio en Baltimore, Maryland en 1914. Inici\u00f3 su carrera enfermer\u00eda en la Providence Hospital School of Nursing en Wasington, DC, donde recibi\u00f3 un diploma en enfermer\u00eda a principios de la d\u00e9cada de 1930. En 1934 entr\u00f3 a la Universidad Cat\u00f3lica de Am\u00e9rica, obtuvo en 1939 un Bachelor of sciences en Nursing Education, en 1946 un Master of sciences in Nurse Education, vivi\u00f3 93 a\u00f1os, su teor\u00eda del d\u00e9ficit de autocuidado es una teor\u00eda general compuesta por tres teor\u00edas relacionadas entre s\u00ed: Teor\u00eda de autocuidado, teor\u00eda del d\u00e9ficit autocuidado y teor\u00eda de los sistemas de Enfermer\u00eda. <strong>Objetivo.<\/strong> Describir la vida y obra de la ilustre enfermera Dorothea Elizabeth Orem y sus aportes a las teor\u00edas de la enfermer\u00eda. <strong>Material y M\u00e9todo.<\/strong> Se realiz\u00f3 un estudio retrospectivo de corte hist\u00f3rico donde se utilizaron m\u00e9todos te\u00f3ricos como el an\u00e1lisis documental y el hist\u00f3rico- l\u00f3gico. <strong>Desarrollo.<\/strong> La teor\u00eda de Orem ofrece a los profesionales de la enfermer\u00eda herramientas para una atenci\u00f3n de calidad, en cualquier situaci\u00f3n relacionada con el binomio salud-enfermedad tanto a personas enfermas, como personas que est\u00e1n tomando decisiones sobre su salud y personas sanas que desean mantenerse o modificar conductas de riesgo para su salud. <strong>Conclusiones. <\/strong>A partir de la Teor\u00edas de enfermer\u00eda, se han brindado enfoques te\u00f3ricos y metodol\u00f3gicos en los que se sustentan la pr\u00e1ctica y la investigaci\u00f3n en el campo del cuidado de enfermer\u00eda. El modelo de Dorothea Orem, es considerado entre las teor\u00edas cient\u00edficas de la Enfermer\u00eda m\u00e1s completas.<\/p>\n<p style=\"text-align: justify;\"><strong>Palabras clave:<\/strong>\u00a0DOROTHEA ELIZABETH OREM, MODELOS DE ENFERMER\u00cdA; TEOR\u00cdA DE ENFERMER\u00cdA; AUTOCUIDADO.<\/p>\n<p><a href=\"http:\/\/promociondeeventos.sld.cu\/jornadaseccionesenfermeriasocuenfciego2023\/files\/2023\/03\/Historia-de-Dorothea-Orem-y-sus-aportes-a-las-teorias-de-la-enfermeria.pdf\">Historia de Dorothea Orem y sus aportes a las teor\u00edas de la enfermer\u00eda<\/a><\/p>\n","protected":false},"excerpt":{"rendered":"<p>RESUMEN Introducci\u00f3n. Dorothea Elizabeth Orem naci\u00f3 y se crio en Baltimore, Maryland en 1914. Inici\u00f3 su carrera enfermer\u00eda en la Providence Hospital School of Nursing en Wasington, DC, donde recibi\u00f3 un diploma en enfermer\u00eda a principios de la d\u00e9cada de 1930. En 1934 entr\u00f3 a la Universidad Cat\u00f3lica de Am\u00e9rica, obtuvo en 1939 un Bachelor [&hellip;]<\/p>\n","protected":false},"author":3262,"featured_media":0,"comment_status":"open","ping_status":"closed","sticky":false,"template":"","format":"standard","meta":[],"categories":[5],"tags":[],"_links":{"self":[{"href":"https:\/\/promociondeeventos.sld.cu\/jornadaseccionesenfermeriasocuenfciego2023\/wp-json\/wp\/v2\/posts\/179"}],"collection":[{"href":"https:\/\/promociondeeventos.sld.cu\/jornadaseccionesenfermeriasocuenfciego2023\/wp-json\/wp\/v2\/posts"}],"about":[{"href":"https:\/\/promociondeeventos.sld.cu\/jornadaseccionesenfermeriasocuenfciego2023\/wp-json\/wp\/v2\/types\/post"}],"author":[{"embeddable":true,"href":"https:\/\/promociondeeventos.sld.cu\/jornadaseccionesenfermeriasocuenfciego2023\/wp-json\/wp\/v2\/users\/3262"}],"replies":[{"embeddable":true,"href":"https:\/\/promociondeeventos.sld.cu\/jornadaseccionesenfermeriasocuenfciego2023\/wp-json\/wp\/v2\/comments?post=179"}],"version-history":[{"count":2,"href":"https:\/\/promociondeeventos.sld.cu\/jornadaseccionesenfermeriasocuenfciego2023\/wp-json\/wp\/v2\/posts\/179\/revisions"}],"predecessor-version":[{"id":182,"href":"https:\/\/promociondeeventos.sld.cu\/jornadaseccionesenfermeriasocuenfciego2023\/wp-json\/wp\/v2\/posts\/179\/revisions\/182"}],"wp:attachment":[{"href":"https:\/\/promociondeeventos.sld.cu\/jornadaseccionesenfermeriasocuenfciego2023\/wp-json\/wp\/v2\/media?parent=179"}],"wp:term":[{"taxonomy":"category","embeddable":true,"href":"https:\/\/promociondeeventos.sld.cu\/jornadaseccionesenfermeriasocuenfciego2023\/wp-json\/wp\/v2\/categories?post=179"},{"taxonomy":"post_tag","embeddable":true,"href":"https:\/\/promociondeeventos.sld.cu\/jornadaseccionesenfermeriasocuenfciego2023\/wp-json\/wp\/v2\/tags?post=179"}],"curies":[{"name":"wp","href":"https:\/\/api.w.org\/{rel}","templated":true}]}}