{"id":633,"date":"2021-06-01T12:53:23","date_gmt":"2021-06-01T12:53:23","guid":{"rendered":"http:\/\/promociondeeventos.sld.cu\/enfermeriahabana2021\/?p=633"},"modified":"2021-06-17T02:55:10","modified_gmt":"2021-06-17T02:55:10","slug":"relaciones-entre-la-gestion-del-riesgo-y-el-proceso-de-atencion-de-enfermeria-para-su-integracion-practica","status":"publish","type":"post","link":"https:\/\/promociondeeventos.sld.cu\/enfermeriahabana2021\/?p=633","title":{"rendered":"Relaciones entre la gesti\u00f3n del riesgo y el proceso de atenci\u00f3n de enfermer\u00eda para su integraci\u00f3n pr\u00e1ctica"},"content":{"rendered":"<p><strong>AUTORES<\/strong>: Aymara Yusimy Cruz Almaguer, Inarvis Medina Gonz\u00e1lez ,Mario \u00c1vila S\u00e1nchez<!--more--><\/p>\n<p><strong>RESUMEN <\/strong><\/p>\n<p><strong>Introducci\u00f3n: <\/strong>Desde la \u00faltima d\u00e9cada del siglo XX la seguridad de los pacientes y la gesti\u00f3n del riesgo, se han convertido en una de las prioridades para los sistemas de salud en muchos pa\u00edses del mundo. En varios estudios se ha demostrado la posici\u00f3n de la enfermer\u00eda en la identificaci\u00f3n de los eventos adversos.<\/p>\n<p><strong>Objetivo: <\/strong>Analizar la relaci\u00f3n entre la gesti\u00f3n del riesgo y el proceso de atenci\u00f3n de enfermer\u00eda para su integraci\u00f3n en la pr\u00e1ctica.<\/p>\n<p><strong>M\u00e9todos: <\/strong>Se realiz\u00f3 una revisi\u00f3n sistem\u00e1tica y un an\u00e1lisis documental, que incluy\u00f3 los a\u00f1os del 2010 al 2018. Se definieron criterios para determinar muestra documental y b\u00fasqueda, se establecieron par\u00e1metros de an\u00e1lisis y sistematizaci\u00f3n, se aplicaron m\u00e9todos te\u00f3ricos.<\/p>\n<p><strong>Conclusiones: <\/strong>Desde el punto de vista epistemol\u00f3gico la gesti\u00f3n del riesgo para la seguridad del paciente est\u00e1 impl\u00edcita en el cuerpo te\u00f3rico de enfermer\u00eda y en su m\u00e9todo cient\u00edfico, el punto de conexi\u00f3n de ambos procesos se encuentra en el enfoque de sistema por etapas; ambos presentan similitudes en cuanto a objetivos y fases de ejecuci\u00f3n. La gesti\u00f3n del riesgo realizada por estos profesionales se ha desarrollado desde un enfoque reactivo, en escasa relaci\u00f3n con las normativas que regulan este proceso. El an\u00e1lisis permiti\u00f3 identificar puntos de riesgo en la implementaci\u00f3n del proceso de atenci\u00f3n de enfermer\u00eda que pueden afectar la seguridad del paciente. Se constat\u00f3 que el m\u00e9todo cient\u00edfico de enfermer\u00eda permite la integraci\u00f3n de ambos procesos, aun cuando se necesita de una actualizaci\u00f3n m\u00e1s espec\u00edfica de los riesgos asociados al cuidado.<\/p>\n<p><strong>Palabras clave: <\/strong>seguridad del paciente; gesti\u00f3n del riesgo; enfermer\u00eda; evento adverso.<\/p>\n<p>Texto completo:<a href=\"http:\/\/promociondeeventos.sld.cu\/enfermeriahabana2021\/files\/2021\/06\/Aymara-Yusimy-HLG.pdf\">PDF<\/a><\/p>\n","protected":false},"excerpt":{"rendered":"<p>AUTORES: Aymara Yusimy Cruz Almaguer, Inarvis Medina Gonz\u00e1lez ,Mario \u00c1vila S\u00e1nchez<\/p>\n","protected":false},"author":3275,"featured_media":0,"comment_status":"closed","ping_status":"open","sticky":false,"template":"","format":"standard","meta":[],"categories":[52663],"tags":[53731,53746],"_links":{"self":[{"href":"https:\/\/promociondeeventos.sld.cu\/enfermeriahabana2021\/index.php?rest_route=\/wp\/v2\/posts\/633"}],"collection":[{"href":"https:\/\/promociondeeventos.sld.cu\/enfermeriahabana2021\/index.php?rest_route=\/wp\/v2\/posts"}],"about":[{"href":"https:\/\/promociondeeventos.sld.cu\/enfermeriahabana2021\/index.php?rest_route=\/wp\/v2\/types\/post"}],"author":[{"embeddable":true,"href":"https:\/\/promociondeeventos.sld.cu\/enfermeriahabana2021\/index.php?rest_route=\/wp\/v2\/users\/3275"}],"replies":[{"embeddable":true,"href":"https:\/\/promociondeeventos.sld.cu\/enfermeriahabana2021\/index.php?rest_route=%2Fwp%2Fv2%2Fcomments&post=633"}],"version-history":[{"count":1,"href":"https:\/\/promociondeeventos.sld.cu\/enfermeriahabana2021\/index.php?rest_route=\/wp\/v2\/posts\/633\/revisions"}],"predecessor-version":[{"id":635,"href":"https:\/\/promociondeeventos.sld.cu\/enfermeriahabana2021\/index.php?rest_route=\/wp\/v2\/posts\/633\/revisions\/635"}],"wp:attachment":[{"href":"https:\/\/promociondeeventos.sld.cu\/enfermeriahabana2021\/index.php?rest_route=%2Fwp%2Fv2%2Fmedia&parent=633"}],"wp:term":[{"taxonomy":"category","embeddable":true,"href":"https:\/\/promociondeeventos.sld.cu\/enfermeriahabana2021\/index.php?rest_route=%2Fwp%2Fv2%2Fcategories&post=633"},{"taxonomy":"post_tag","embeddable":true,"href":"https:\/\/promociondeeventos.sld.cu\/enfermeriahabana2021\/index.php?rest_route=%2Fwp%2Fv2%2Ftags&post=633"}],"curies":[{"name":"wp","href":"https:\/\/api.w.org\/{rel}","templated":true}]}}