{"id":491,"date":"2021-05-29T23:29:31","date_gmt":"2021-05-29T23:29:31","guid":{"rendered":"http:\/\/promociondeeventos.sld.cu\/enfermeriahabana2021\/?p=491"},"modified":"2021-06-17T02:55:11","modified_gmt":"2021-06-17T02:55:11","slug":"estrategia-de-capacitacion-para-el-mejoramiento-del-autocuidado-en-familiares-cuidadores-de-enfermos-oncologicos","status":"publish","type":"post","link":"https:\/\/promociondeeventos.sld.cu\/enfermeriahabana2021\/?p=491","title":{"rendered":"Estrategia de capacitaci\u00f3n para el mejoramiento del autocuidado en familiares cuidadores de enfermos oncol\u00f3gicos"},"content":{"rendered":"<p><strong>AUTORES:<\/strong> Clara Medero Collazo; Alfredo Lauzurica Gonz\u00e1lez; Marlene Secadas Jim\u00e9nez; Luisa Mar\u00eda Leonard P\u00e9rez.<!--more--><\/p>\n<p><strong>RESUMEN.<\/strong><\/p>\n<p><strong>Introducci\u00f3n:<\/strong><\/p>\n<p>Una de las tareas importantes para los cuidadores pero a menudo descuidada es el cuidar de s\u00ed mismos, la existencia de un d\u00e9ficit de auto colocan al personal de Enfermer\u00eda a la necesidad de realizar intervenciones educativas<strong>. <\/strong><\/p>\n<p><strong>Objetivo<\/strong>: dise\u00f1ar una estrategia de capacitaci\u00f3n para el mejoramiento del autocuidado en cuidadores de enfermos oncol\u00f3gicos del Policl\u00ednico Docente Carlos Verdugo Mart\u00ednez del municipio Matanzas.<\/p>\n<p><strong>Materiales y m\u00e9todos<\/strong>: Se efectu\u00f3 una investigaci\u00f3n de desarrollo en la Facultad de Ciencias M\u00e9dicas \u201cDr. Juan Guiteras Gener\u201d de Matanzas durante el curso escolar 2018 \u2013 2019, contextualizada en el Policl\u00ednico Docente Carlos Verdugo Mart\u00ednez, en el municipio Matanzas, en el per\u00edodo comprendido entre septiembre y diciembre del a\u00f1o 2019. Se seleccion\u00f3 una muestra de 25 cuidadores familiares; para ello se emple\u00f3 un muestreo no probabil\u00edstico intencional y se excluyeron los cuidadores no vinculados al cuidado de enfermos oncol\u00f3gicos.<\/p>\n<p><strong>Resultados<\/strong>: En las encuestas a los cuidadores se determinaron necesidades de aprendizaje. Las entrevistas supervisoras y directivos corroboraron la necesidad de la propuesta como una alternativa para el mejoramiento del autocuidado en cuidadores de enfermos oncol\u00f3gicos.<\/p>\n<p><strong>Conclusiones<\/strong>: Se dise\u00f1\u00f3 una estrategia de capacitaci\u00f3n para el mejoramiento del autocuidado en cuidadores de enfermos oncol\u00f3gicos en la comunidad, que responde al diagn\u00f3stico de las insuficiencias en el conocimiento. La estrategia de capacitaci\u00f3n dise\u00f1ada fue validada por criterio de expertos con valoraci\u00f3n de Muy Adecuada en sentido general, lo que demuestra la aplicabilidad y factibilidad de su introducci\u00f3n<\/p>\n<p><strong>Palabras clave<\/strong>: Capacitaci\u00f3n, estrategia, Enfermer\u00eda, cuidadores<\/p>\n<p>Texto completo: <a href=\"http:\/\/promociondeeventos.sld.cu\/enfermeriahabana2021\/files\/2021\/05\/Clara-Medero-Collazo.pdf\">PDF<\/a><\/p>\n","protected":false},"excerpt":{"rendered":"<p>AUTORES: Clara Medero Collazo; Alfredo Lauzurica Gonz\u00e1lez; Marlene Secadas Jim\u00e9nez; Luisa Mar\u00eda Leonard P\u00e9rez.<\/p>\n","protected":false},"author":3275,"featured_media":0,"comment_status":"closed","ping_status":"open","sticky":false,"template":"","format":"standard","meta":[],"categories":[52663],"tags":[52664],"_links":{"self":[{"href":"https:\/\/promociondeeventos.sld.cu\/enfermeriahabana2021\/index.php?rest_route=\/wp\/v2\/posts\/491"}],"collection":[{"href":"https:\/\/promociondeeventos.sld.cu\/enfermeriahabana2021\/index.php?rest_route=\/wp\/v2\/posts"}],"about":[{"href":"https:\/\/promociondeeventos.sld.cu\/enfermeriahabana2021\/index.php?rest_route=\/wp\/v2\/types\/post"}],"author":[{"embeddable":true,"href":"https:\/\/promociondeeventos.sld.cu\/enfermeriahabana2021\/index.php?rest_route=\/wp\/v2\/users\/3275"}],"replies":[{"embeddable":true,"href":"https:\/\/promociondeeventos.sld.cu\/enfermeriahabana2021\/index.php?rest_route=%2Fwp%2Fv2%2Fcomments&post=491"}],"version-history":[{"count":2,"href":"https:\/\/promociondeeventos.sld.cu\/enfermeriahabana2021\/index.php?rest_route=\/wp\/v2\/posts\/491\/revisions"}],"predecessor-version":[{"id":827,"href":"https:\/\/promociondeeventos.sld.cu\/enfermeriahabana2021\/index.php?rest_route=\/wp\/v2\/posts\/491\/revisions\/827"}],"wp:attachment":[{"href":"https:\/\/promociondeeventos.sld.cu\/enfermeriahabana2021\/index.php?rest_route=%2Fwp%2Fv2%2Fmedia&parent=491"}],"wp:term":[{"taxonomy":"category","embeddable":true,"href":"https:\/\/promociondeeventos.sld.cu\/enfermeriahabana2021\/index.php?rest_route=%2Fwp%2Fv2%2Fcategories&post=491"},{"taxonomy":"post_tag","embeddable":true,"href":"https:\/\/promociondeeventos.sld.cu\/enfermeriahabana2021\/index.php?rest_route=%2Fwp%2Fv2%2Ftags&post=491"}],"curies":[{"name":"wp","href":"https:\/\/api.w.org\/{rel}","templated":true}]}}